{"id":1328,"date":"2018-06-05T15:45:48","date_gmt":"2018-06-05T15:45:48","guid":{"rendered":"https:\/\/drtmoldes.com\/?p=1328"},"modified":"2019-02-25T16:20:27","modified_gmt":"2019-02-25T16:20:27","slug":"insignia-prata-cml","status":"publish","type":"post","link":"https:\/\/drtmoldes.com\/es\/insignia-prata-cml\/","title":{"rendered":"S\u00f3nia Calado distinguida con la Insignia de Plata del Ayuntamiento de Leiria"},"content":{"rendered":"<p><\/p>\n<p class=\"p1\"><span class=\"s1\">El 22 de mayo, d<\/span><span class=\"s2\">\u00ed<\/span><span class=\"s1\">a de la ciudad, el Ayuntamiento de Leiria distingui<\/span><span class=\"s2\">\u00f3<\/span><span class=\"s1\">, a ejemplo de los a<\/span><span class=\"s2\">\u00f1<\/span><span class=\"s1\">os anteriores, 12 personalidades por su contribuci<\/span><span class=\"s2\">\u00f3<\/span><span class=\"s1\">n en favor del desarrollo del municipio de Leiria.<\/span><\/p>\n<p class=\"p1\"><span class=\"s1\">Fue con inmenso orgullo y sentido de compartir que S<\/span><span class=\"s2\">\u00f3<\/span><span class=\"s1\">nia Calado, administradora de DRT, recibi<\/span><span class=\"s2\">\u00f3<\/span><span class=\"s1\"> la Insignia de Plata por su \u00abcar<\/span><span class=\"s2\">\u00e1<\/span><span class=\"s1\">cter emprendedor y ejemplar trayecto\u00bb que tanto ha contribuido a desarrollar la industria de los moldes y el municipio de Leiria. Por su parte, S<\/span><span class=\"s2\">\u00f3<\/span><span class=\"s1\">nia Calado, destaca el &#8216;socio, amigo y marido Valdemar Duarte mentor e impulsor de todos los proyectos que en buena pareja hemos concretado&#8217;, como es referido por la propia.<\/span><\/p>\n<p class=\"p1\"><span class=\"s1\">De sonrisa abierta, comparte m<\/span><span class=\"s2\">\u00e1<\/span><span class=\"s1\">s este reconocimiento con todos los colaboradores, dedicados a la misi<\/span><span class=\"s2\">\u00f3<\/span><span class=\"s1\">n com<\/span><span class=\"s2\">\u00fa<\/span><span class=\"s1\">n de hacer del Grupo DRT una referencia de innovaci<\/span><span class=\"s2\">\u00f3<\/span><span class=\"s1\">n y calidad, junto a una de las mejores empresas nacionales para trabajar.<\/span><\/p>\n<p><\/p>","protected":false},"excerpt":{"rendered":"<p>El 22 de mayo, d\u00eda de la ciudad, el Ayuntamiento de Leiria distingui\u00f3, a ejemplo de los a\u00f1os anteriores, 12 personalidades por su contribuci\u00f3n en favor del desarrollo del municipio de Leiria. Fue con inmenso orgullo y sentido de compartir que S\u00f3nia Calado, administradora de DRT, recibi\u00f3 la Insignia de Plata por su \u00abcar\u00e1cter emprendedor&#8230;<\/p>\n","protected":false},"author":1,"featured_media":1329,"comment_status":"closed","ping_status":"closed","sticky":false,"template":"","format":"standard","meta":{"_mi_skip_tracking":false,"footnotes":""},"categories":[7],"tags":[42,77,76],"class_list":["post-1328","post","type-post","status-publish","format-standard","has-post-thumbnail","hentry","category-general","tag-drt","tag-portugal","tag-rotary-club"],"yoast_head":"<!-- This site is optimized with the Yoast SEO plugin v20.3 - https:\/\/yoast.com\/wordpress\/plugins\/seo\/ -->\n<title>S\u00f3nia Calado distinguida con la Insignia de Plata del Ayuntamiento de Leiria - DRTMoulds<\/title>\n<meta name=\"robots\" content=\"index, follow, max-snippet:-1, max-image-preview:large, max-video-preview:-1\" \/>\n<link rel=\"canonical\" href=\"https:\/\/drtmoldes.com\/insignia-prata-cml\/\" \/>\n<meta property=\"og:locale\" content=\"es_ES\" \/>\n<meta property=\"og:type\" content=\"article\" \/>\n<meta property=\"og:title\" content=\"[:pt]S\u00f3nia Calado distinguida com a Ins\u00edgnia de Prata da CML[:en]S\u00f3nia Calado was awarded with the silver medal by the Municipality of Leiria[:es]S\u00f3nia Calado distinguida con la Insignia de Plata del Ayuntamiento de Leiria[:ru]S\u00f3nia Calado \u043d\u0430\u0433\u0440\u0430\u0436\u0434\u0435\u043d\u0430 \u0441\u0435\u0440\u0435\u0431\u0440\u044f\u043d\u044b\u043c \u0437\u043d\u0430\u043a\u043e\u043c \u043c\u0443\u043d\u0438\u0446\u0438\u043f\u0430\u043b\u0438\u0442\u0435\u0442\u0430 \u041b\u0435\u0439\u0440\u0438\u0438[:de]S\u00f3nia Calado wurde mit dem silbernen Orden der Stadt Leiria ausgezeichnet[:] - DRTMoulds\" \/>\n<meta property=\"og:description\" content=\"El 22 de mayo, d\u00eda de la ciudad, el Ayuntamiento de Leiria distingui\u00f3, a ejemplo de los a\u00f1os anteriores, 12 personalidades por su contribuci\u00f3n en favor del desarrollo del municipio de Leiria. Fue con inmenso orgullo y sentido de compartir que S\u00f3nia Calado, administradora de DRT, recibi\u00f3 la Insignia de Plata por su \u00abcar\u00e1cter emprendedor...\" \/>\n<meta property=\"og:url\" content=\"https:\/\/drtmoldes.com\/insignia-prata-cml\/\" \/>\n<meta property=\"og:site_name\" content=\"DRTMoulds\" \/>\n<meta property=\"article:published_time\" content=\"2018-06-05T15:45:48+00:00\" \/>\n<meta property=\"article:modified_time\" content=\"2019-02-25T16:20:27+00:00\" \/>\n<meta property=\"og:image\" content=\"https:\/\/drtmoldes.com\/wp-content\/uploads\/2018\/06\/CML-insignia-prata-min.jpg\" \/>\n\t<meta property=\"og:image:width\" content=\"1255\" \/>\n\t<meta property=\"og:image:height\" content=\"837\" \/>\n\t<meta property=\"og:image:type\" content=\"image\/jpeg\" \/>\n<meta name=\"author\" content=\"admin\" \/>\n<meta name=\"twitter:card\" content=\"summary_large_image\" \/>\n<meta name=\"twitter:label1\" content=\"Escrito por\" \/>\n\t<meta name=\"twitter:data1\" content=\"admin\" \/>\n\t<meta name=\"twitter:label2\" content=\"Tiempo de lectura\" \/>\n\t<meta name=\"twitter:data2\" content=\"3 minutos\" \/>\n<script type=\"application\/ld+json\" class=\"yoast-schema-graph\">{\"@context\":\"https:\/\/schema.org\",\"@graph\":[{\"@type\":\"WebPage\",\"@id\":\"https:\/\/drtmoldes.com\/insignia-prata-cml\/\",\"url\":\"https:\/\/drtmoldes.com\/insignia-prata-cml\/\",\"name\":\"[:pt]S\u00f3nia Calado distinguida com a Ins\u00edgnia de Prata da CML[:en]S\u00f3nia Calado was awarded with the silver medal by the Municipality of Leiria[:es]S\u00f3nia Calado distinguida con la Insignia de Plata del Ayuntamiento de Leiria[:ru]S\u00f3nia Calado \u043d\u0430\u0433\u0440\u0430\u0436\u0434\u0435\u043d\u0430 \u0441\u0435\u0440\u0435\u0431\u0440\u044f\u043d\u044b\u043c \u0437\u043d\u0430\u043a\u043e\u043c \u043c\u0443\u043d\u0438\u0446\u0438\u043f\u0430\u043b\u0438\u0442\u0435\u0442\u0430 \u041b\u0435\u0439\u0440\u0438\u0438[:de]S\u00f3nia Calado wurde mit dem silbernen Orden der Stadt Leiria ausgezeichnet[:] - DRTMoulds\",\"isPartOf\":{\"@id\":\"https:\/\/drtmoldes.com\/en\/#website\"},\"datePublished\":\"2018-06-05T15:45:48+00:00\",\"dateModified\":\"2019-02-25T16:20:27+00:00\",\"author\":{\"@id\":\"https:\/\/drtmoldes.com\/en\/#\/schema\/person\/43ccb46cbbc9e76d63766de2b11b30a2\"},\"breadcrumb\":{\"@id\":\"https:\/\/drtmoldes.com\/insignia-prata-cml\/#breadcrumb\"},\"inLanguage\":\"es\",\"potentialAction\":[{\"@type\":\"ReadAction\",\"target\":[\"https:\/\/drtmoldes.com\/insignia-prata-cml\/\"]}]},{\"@type\":\"BreadcrumbList\",\"@id\":\"https:\/\/drtmoldes.com\/insignia-prata-cml\/#breadcrumb\",\"itemListElement\":[{\"@type\":\"ListItem\",\"position\":1,\"name\":\"In\u00edcio\",\"item\":\"https:\/\/drtmoldes.com\/en\/\"},{\"@type\":\"ListItem\",\"position\":2,\"name\":\"S\u00f3nia Calado distinguida com a Ins\u00edgnia de Prata da CML\"}]},{\"@type\":\"WebSite\",\"@id\":\"https:\/\/drtmoldes.com\/en\/#website\",\"url\":\"https:\/\/drtmoldes.com\/en\/\",\"name\":\"DRTMoulds\",\"description\":\"Great things are made together\",\"potentialAction\":[{\"@type\":\"SearchAction\",\"target\":{\"@type\":\"EntryPoint\",\"urlTemplate\":\"https:\/\/drtmoldes.com\/en\/?s={search_term_string}\"},\"query-input\":\"required name=search_term_string\"}],\"inLanguage\":\"es\"},{\"@type\":\"Person\",\"@id\":\"https:\/\/drtmoldes.com\/en\/#\/schema\/person\/43ccb46cbbc9e76d63766de2b11b30a2\",\"name\":\"admin\",\"url\":\"https:\/\/drtmoldes.com\/es\/author\/admin\/\"}]}<\/script>\n<!-- \/ Yoast SEO plugin. -->","yoast_head_json":{"title":"[:pt]S\u00f3nia Calado distinguida com a Ins\u00edgnia de Prata da CML[:en]S\u00f3nia Calado was awarded with the silver medal by the Municipality of Leiria[:es]S\u00f3nia Calado distinguida con la Insignia de Plata del Ayuntamiento de Leiria[:ru]S\u00f3nia Calado \u043d\u0430\u0433\u0440\u0430\u0436\u0434\u0435\u043d\u0430 \u0441\u0435\u0440\u0435\u0431\u0440\u044f\u043d\u044b\u043c \u0437\u043d\u0430\u043a\u043e\u043c \u043c\u0443\u043d\u0438\u0446\u0438\u043f\u0430\u043b\u0438\u0442\u0435\u0442\u0430 \u041b\u0435\u0439\u0440\u0438\u0438[:de]S\u00f3nia Calado wurde mit dem silbernen Orden der Stadt Leiria ausgezeichnet[:] - DRTMoulds","robots":{"index":"index","follow":"follow","max-snippet":"max-snippet:-1","max-image-preview":"max-image-preview:large","max-video-preview":"max-video-preview:-1"},"canonical":"https:\/\/drtmoldes.com\/insignia-prata-cml\/","og_locale":"es_ES","og_type":"article","og_title":"[:pt]S\u00f3nia Calado distinguida com a Ins\u00edgnia de Prata da CML[:en]S\u00f3nia Calado was awarded with the silver medal by the Municipality of Leiria[:es]S\u00f3nia Calado distinguida con la Insignia de Plata del Ayuntamiento de Leiria[:ru]S\u00f3nia Calado \u043d\u0430\u0433\u0440\u0430\u0436\u0434\u0435\u043d\u0430 \u0441\u0435\u0440\u0435\u0431\u0440\u044f\u043d\u044b\u043c \u0437\u043d\u0430\u043a\u043e\u043c \u043c\u0443\u043d\u0438\u0446\u0438\u043f\u0430\u043b\u0438\u0442\u0435\u0442\u0430 \u041b\u0435\u0439\u0440\u0438\u0438[:de]S\u00f3nia Calado wurde mit dem silbernen Orden der Stadt Leiria ausgezeichnet[:] - DRTMoulds","og_description":"El 22 de mayo, d\u00eda de la ciudad, el Ayuntamiento de Leiria distingui\u00f3, a ejemplo de los a\u00f1os anteriores, 12 personalidades por su contribuci\u00f3n en favor del desarrollo del municipio de Leiria. Fue con inmenso orgullo y sentido de compartir que S\u00f3nia Calado, administradora de DRT, recibi\u00f3 la Insignia de Plata por su \u00abcar\u00e1cter emprendedor...","og_url":"https:\/\/drtmoldes.com\/insignia-prata-cml\/","og_site_name":"DRTMoulds","article_published_time":"2018-06-05T15:45:48+00:00","article_modified_time":"2019-02-25T16:20:27+00:00","og_image":[{"width":1255,"height":837,"url":"https:\/\/drtmoldes.com\/wp-content\/uploads\/2018\/06\/CML-insignia-prata-min.jpg","type":"image\/jpeg"}],"author":"admin","twitter_card":"summary_large_image","twitter_misc":{"Escrito por":"admin","Tiempo de lectura":"3 minutos"},"schema":{"@context":"https:\/\/schema.org","@graph":[{"@type":"WebPage","@id":"https:\/\/drtmoldes.com\/insignia-prata-cml\/","url":"https:\/\/drtmoldes.com\/insignia-prata-cml\/","name":"[:pt]S\u00f3nia Calado distinguida com a Ins\u00edgnia de Prata da CML[:en]S\u00f3nia Calado was awarded with the silver medal by the Municipality of Leiria[:es]S\u00f3nia Calado distinguida con la Insignia de Plata del Ayuntamiento de Leiria[:ru]S\u00f3nia Calado \u043d\u0430\u0433\u0440\u0430\u0436\u0434\u0435\u043d\u0430 \u0441\u0435\u0440\u0435\u0431\u0440\u044f\u043d\u044b\u043c \u0437\u043d\u0430\u043a\u043e\u043c \u043c\u0443\u043d\u0438\u0446\u0438\u043f\u0430\u043b\u0438\u0442\u0435\u0442\u0430 \u041b\u0435\u0439\u0440\u0438\u0438[:de]S\u00f3nia Calado wurde mit dem silbernen Orden der Stadt Leiria ausgezeichnet[:] - DRTMoulds","isPartOf":{"@id":"https:\/\/drtmoldes.com\/en\/#website"},"datePublished":"2018-06-05T15:45:48+00:00","dateModified":"2019-02-25T16:20:27+00:00","author":{"@id":"https:\/\/drtmoldes.com\/en\/#\/schema\/person\/43ccb46cbbc9e76d63766de2b11b30a2"},"breadcrumb":{"@id":"https:\/\/drtmoldes.com\/insignia-prata-cml\/#breadcrumb"},"inLanguage":"es","potentialAction":[{"@type":"ReadAction","target":["https:\/\/drtmoldes.com\/insignia-prata-cml\/"]}]},{"@type":"BreadcrumbList","@id":"https:\/\/drtmoldes.com\/insignia-prata-cml\/#breadcrumb","itemListElement":[{"@type":"ListItem","position":1,"name":"In\u00edcio","item":"https:\/\/drtmoldes.com\/en\/"},{"@type":"ListItem","position":2,"name":"S\u00f3nia Calado distinguida com a Ins\u00edgnia de Prata da CML"}]},{"@type":"WebSite","@id":"https:\/\/drtmoldes.com\/en\/#website","url":"https:\/\/drtmoldes.com\/en\/","name":"DRTMoulds","description":"Great things are made together","potentialAction":[{"@type":"SearchAction","target":{"@type":"EntryPoint","urlTemplate":"https:\/\/drtmoldes.com\/en\/?s={search_term_string}"},"query-input":"required name=search_term_string"}],"inLanguage":"es"},{"@type":"Person","@id":"https:\/\/drtmoldes.com\/en\/#\/schema\/person\/43ccb46cbbc9e76d63766de2b11b30a2","name":"admin","url":"https:\/\/drtmoldes.com\/es\/author\/admin\/"}]}},"_links":{"self":[{"href":"https:\/\/drtmoldes.com\/es\/wp-json\/wp\/v2\/posts\/1328","targetHints":{"allow":["GET"]}}],"collection":[{"href":"https:\/\/drtmoldes.com\/es\/wp-json\/wp\/v2\/posts"}],"about":[{"href":"https:\/\/drtmoldes.com\/es\/wp-json\/wp\/v2\/types\/post"}],"author":[{"embeddable":true,"href":"https:\/\/drtmoldes.com\/es\/wp-json\/wp\/v2\/users\/1"}],"replies":[{"embeddable":true,"href":"https:\/\/drtmoldes.com\/es\/wp-json\/wp\/v2\/comments?post=1328"}],"version-history":[{"count":3,"href":"https:\/\/drtmoldes.com\/es\/wp-json\/wp\/v2\/posts\/1328\/revisions"}],"predecessor-version":[{"id":1455,"href":"https:\/\/drtmoldes.com\/es\/wp-json\/wp\/v2\/posts\/1328\/revisions\/1455"}],"wp:featuredmedia":[{"embeddable":true,"href":"https:\/\/drtmoldes.com\/es\/wp-json\/wp\/v2\/media\/1329"}],"wp:attachment":[{"href":"https:\/\/drtmoldes.com\/es\/wp-json\/wp\/v2\/media?parent=1328"}],"wp:term":[{"taxonomy":"category","embeddable":true,"href":"https:\/\/drtmoldes.com\/es\/wp-json\/wp\/v2\/categories?post=1328"},{"taxonomy":"post_tag","embeddable":true,"href":"https:\/\/drtmoldes.com\/es\/wp-json\/wp\/v2\/tags?post=1328"}],"curies":[{"name":"wp","href":"https:\/\/api.w.org\/{rel}","templated":true}]}}